{"id":1671,"date":"2019-09-05T11:25:04","date_gmt":"2019-09-05T11:25:04","guid":{"rendered":"https:\/\/daunou-opera.com\/actualites\/vibrez-au-rythme-de-la-traviata-au-palais-garnier\/"},"modified":"2024-02-01T10:35:54","modified_gmt":"2024-02-01T10:35:54","slug":"vibrez-au-rythme-de-la-traviata-au-palais-garnier","status":"publish","type":"post","link":"https:\/\/daunou-opera.com\/fr\/news\/vibrez-au-rythme-de-la-traviata-au-palais-garnier\/","title":{"rendered":"Vibrez au rythme de La Traviata au Palais Garnier"},"content":{"rendered":"\n<p>Vous aimez l&rsquo;op\u00e9ra et vous venez bient\u00f4t \u00e0 l&rsquo;<strong>h\u00f4tel Daunou Op\u00e9ra<\/strong>? Profitez de votre s\u00e9jour pour assister \u00e0 une repr\u00e9sentation de <strong>La Traviata au Palais Garnier<\/strong>. La programmation s&rsquo;\u00e9tend du 12 septembre au 16 octobre 2019, sur une mise en sc\u00e8ne de <strong>Simon Stone<\/strong>.<\/p>\n\n<h2 class=\"wp-block-heading\">D\u00e9couvrez La Traviata au Palais Garnier<\/h2>\n\n<p>Au d\u00e9part, il y avait Manon Lescaut, \u0153uvre \u00e9crite par l&rsquo;abb\u00e9 Pr\u00e9vost. Elle a inspir\u00e9 La Dame aux Cam\u00e9lias, sign\u00e9e par Alexandre Dumas fils. Giuseppe Verdi ayant appr\u00e9ci\u00e9 l&rsquo;adaptation th\u00e9\u00e2trale du roman de Dumas fils, il a d\u00e9cid\u00e9 de s&rsquo;en inspirer lui-m\u00eame pour une composition musicale magistrale. La Traviata voit le jour en mars 1853. Un go\u00fbt prononc\u00e9 pour la luxure qui m\u00e8ne inexorablement \u00e0 l&rsquo;endettement, le sacrifice de l&rsquo;amour face \u00e0 une soci\u00e9t\u00e9 conservatrice qui m\u00e9prise les relations entre des classes sociales diff\u00e9rentes&#8230;. Au fil des trois actes, le public est immerg\u00e9 dans un univers peu conventionnel, compte tenu de son \u00e9poque de cr\u00e9ation.<\/p>\n\n<h2 class=\"wp-block-heading\">Une revisite soigneusement orchestr\u00e9e<\/h2>\n\n<p>Simon Stone a voulu apporter une touche de modernit\u00e9 \u00e0 l&rsquo;intemporelle Traviata. Il a donc d\u00e9cid\u00e9 de conserver la mise en sc\u00e8ne originale en insistant plus sur le travail au corps \u00e0 corps. Le r\u00e9sultat se veut plus intimiste et d\u00e9peint avec habilet\u00e9 les vices point\u00e9s du doigt par Giuseppe Verdi. On imagine d\u00e9j\u00e0 de beaux costumes, un ensemble instrumental qui fait vibrer mais surtout des performances vocales exceptionnelles.<\/p>\n\n<p>L&rsquo;opus d&rsquo;environ 3h10 se produira 12 fois au Palais Garnier qui se situe \u00e0 seulement 150 m\u00e8tres du Daunou Op\u00e9ra. Vous pouvez d\u00e9j\u00e0 r\u00e9server vos places pour assister \u00e0 la renaissance de La Traviata. Prolongez cette exp\u00e9rience artistique en visitant l&rsquo;Op\u00e9ra Bastille et le Palais Garnier qui accueillent r\u00e9guli\u00e8rement des expositions et qui s\u00e9duisent par leurs prestigieuses architectures.<\/p>\n\n<p>******<\/p>\n\n<p>Plus d&rsquo;informations :<\/p>\n\n<p>&#8211; <a href=\"https:\/\/www.operadeparis.fr\/\">Op\u00e9ra Garnier<\/a><\/p>\n\n<hr class=\"wp-block-separator has-alpha-channel-opacity\"\/>\n\n<p><strong><a href=\"http:\/\/www.daunou-opera.com\/fr\/\">H\u00f4tel Daunou Op\u00e9ra<\/a>,<\/strong> un h\u00f4tel 3 \u00e9toiles au coeur du Quartier Op\u00e9ra<\/p>\n","protected":false},"excerpt":{"rendered":"<p>Vous aimez l&rsquo;op\u00e9ra et vous venez bient\u00f4t \u00e0 l&rsquo;h\u00f4tel Daunou Op\u00e9ra ? Profitez de votre s\u00e9jour pour assister \u00e0 une repr\u00e9sentation de La Traviata au Palais Garnier. La programmation s&rsquo;\u00e9tend du 12 septembre au 16 octobre 2019, sur une mise en sc\u00e8ne de Simon Stone.<\/p>\n","protected":false},"author":3,"featured_media":1474,"comment_status":"open","ping_status":"open","sticky":false,"template":"","format":"standard","meta":{"_seopress_robots_primary_cat":"none","_seopress_titles_title":"Vibrez au rythme de La Traviata au Palais Garnier","_seopress_titles_desc":"Vous aimez l&#039;op\u00e9ra et vous venez bient\u00f4t \u00e0 l&#039;h\u00f4tel Daunou Op\u00e9ra ? Profitez de votre s\u00e9jour pour assister \u00e0 une repr\u00e9sentation de La Traviata au Palais Garnier","_seopress_robots_index":"","footnotes":""},"categories":[37],"tags":[],"class_list":["post-1671","post","type-post","status-publish","format-standard","has-post-thumbnail","hentry","category-divertissement-fr"],"_links":{"self":[{"href":"https:\/\/daunou-opera.com\/fr\/wp-json\/wp\/v2\/posts\/1671","targetHints":{"allow":["GET"]}}],"collection":[{"href":"https:\/\/daunou-opera.com\/fr\/wp-json\/wp\/v2\/posts"}],"about":[{"href":"https:\/\/daunou-opera.com\/fr\/wp-json\/wp\/v2\/types\/post"}],"author":[{"embeddable":true,"href":"https:\/\/daunou-opera.com\/fr\/wp-json\/wp\/v2\/users\/3"}],"replies":[{"embeddable":true,"href":"https:\/\/daunou-opera.com\/fr\/wp-json\/wp\/v2\/comments?post=1671"}],"version-history":[{"count":3,"href":"https:\/\/daunou-opera.com\/fr\/wp-json\/wp\/v2\/posts\/1671\/revisions"}],"predecessor-version":[{"id":1674,"href":"https:\/\/daunou-opera.com\/fr\/wp-json\/wp\/v2\/posts\/1671\/revisions\/1674"}],"wp:featuredmedia":[{"embeddable":true,"href":"https:\/\/daunou-opera.com\/fr\/wp-json\/wp\/v2\/media\/1474"}],"wp:attachment":[{"href":"https:\/\/daunou-opera.com\/fr\/wp-json\/wp\/v2\/media?parent=1671"}],"wp:term":[{"taxonomy":"category","embeddable":true,"href":"https:\/\/daunou-opera.com\/fr\/wp-json\/wp\/v2\/categories?post=1671"},{"taxonomy":"post_tag","embeddable":true,"href":"https:\/\/daunou-opera.com\/fr\/wp-json\/wp\/v2\/tags?post=1671"}],"curies":[{"name":"wp","href":"https:\/\/api.w.org\/{rel}","templated":true}]}}