{"id":1699,"date":"2019-02-05T11:47:44","date_gmt":"2019-02-05T11:47:44","guid":{"rendered":"https:\/\/daunou-opera.com\/actualites\/victor-vasarely-au-centre-pompidou-hommage-a-lop-art\/"},"modified":"2024-02-01T10:46:33","modified_gmt":"2024-02-01T10:46:33","slug":"victor-vasarely-au-centre-pompidou-hommage-a-lop-art","status":"publish","type":"post","link":"https:\/\/daunou-opera.com\/fr\/news\/victor-vasarely-au-centre-pompidou-hommage-a-lop-art\/","title":{"rendered":"Victor Vasarely au Centre Pompidou, hommage \u00e0 l&rsquo;Op Art"},"content":{"rendered":"\n<p>Artiste et star incontournable dans les ann\u00e9es 70, <strong>Victor Vasarely<\/strong>, inventeur de l&rsquo;art optique est \u00e0 l&rsquo;origine d&rsquo;une \u0153uvre riche de plus de 10 000 tableaux. Tomb\u00e9 peu \u00e0 peu dans l&rsquo;oubli, il revient aujourd&rsquo;hui sur le devant de la sc\u00e8ne avec une r\u00e9trospective in\u00e9dite du 6 f\u00e9vrier au 6 mai 2019 au <strong>Centre Pompidou<\/strong>.<\/p>\n\n<h2 class=\"wp-block-heading\">Victor Vasarely, retour sur une l\u00e9gende<\/h2>\n\n<p>C\u00e9l\u00e8bre plasticien hongrois, Victor Vasarely a occup\u00e9 une place \u00e0 part dans l&rsquo;histoire de l&rsquo;art du XXe si\u00e8cle.<\/p>\n\n<p>Cet artiste pour le moins \u00e9trange s&rsquo;est distingu\u00e9 dans le domaine de l&rsquo;art contemporain par la cr\u00e9ation d&rsquo;un nouveau courant, d&rsquo;une nouvelle tendance, l&rsquo;art optique (Op Art).<\/p>\n\n<p>A partir de 1935, Vasarely se lance dans la peinture en s&rsquo;orientant vers les portraits, les paysages ou les natures mortes et entame une v\u00e9ritable d\u00e9marche abstraite d\u00e8s 1947. D\u00e8s lors vont na\u00eetre des chefs-d&rsquo;\u0153uvre de g\u00e9om\u00e9trie angulaire, de puissants contrastes d\u2019ombre et de lumi\u00e8re \u00e0 l&rsquo;origine de savants jeux optiques qui vibrent, clignotent ou d\u00e9stabilisent la vision.<\/p>\n\n<p>La signature Vasarely se retrouve dans la mode, dans la musique sans oublier l&rsquo;automobile.<\/p>\n\n<h2 class=\"wp-block-heading\">\u00ab\u00a0Le partage des Formes\u00a0\u00bb, \u00e0 d\u00e9couvrir au Centre Pompidou<\/h2>\n\n<p>Quel plus bel \u00e9crin que le Centre Pompidou pour accueillir les \u0153uvres de cette figure marquante de l&rsquo;Op Art ! La derni\u00e8re grande exposition parisienne consacr\u00e9e \u00e0 Vasarely, remonte \u00e0 1963, au Mus\u00e9e des Arts D\u00e9coratifs. Le Centre Pompidou vous invite aujourd&rsquo;hui \u00e0 d\u00e9couvrir \u00ab\u00a0le Partage des Formes\u00a0\u00bb une r\u00e9trospective qui aborde les cr\u00e9ations de l&rsquo;artiste au travers d\u2019un ensemble exceptionnel de pr\u00e8s de 300 \u0153uvres (tableaux, sculptures, estampes, s\u00e9rigraphies, \u00e9tudes, pi\u00e8ces d\u2019architecture et publicit\u00e9s produites \u00e0 ses d\u00e9buts). Parmi elles, on retrouve 80 peintures retra\u00e7ant un parcours \u00e0 la fois chronologique et th\u00e9matique depuis les d\u00e9buts de Vasarely au Bauhaus, c\u00e9l\u00e8bre \u00e9cole d&rsquo;art allemande jusqu&rsquo;aux derni\u00e8res productions de l&rsquo;artiste. Une exposition unique \u00e0 d\u00e9couvrir durant votre s\u00e9jour \u00e0 Paris !<\/p>\n\n<p>******<\/p>\n\n<p>Pour plus d&rsquo;informations :<\/p>\n\n<p>&#8211; <a href=\"https:\/\/www.centrepompidou.fr\/cpv\/resource\/cEgR5on\/rKGEn7e\">Exposition Vasarely<\/a><\/p>\n\n<hr class=\"wp-block-separator has-alpha-channel-opacity\"\/>\n\n<p><strong><a href=\"http:\/\/www.daunou-opera.com\/fr\/\">H\u00f4tel Daunou Op\u00e9ra<\/a>,<\/strong> un h\u00f4tel 3 \u00e9toiles au coeur du Quartier Op\u00e9ra<\/p>\n","protected":false},"excerpt":{"rendered":"<p>Artiste et star incontournable dans les ann\u00e9es 70, Victor Vasarely, inventeur de l&rsquo;art optique est \u00e0 l&rsquo;origine d&rsquo;une \u0153uvre riche de plus de 10 000 tableaux. Tomb\u00e9 peu \u00e0 peu dans l&rsquo;oubli, il revient aujourd&rsquo;hui sur le devant de la sc\u00e8ne avec une r\u00e9trospective in\u00e9dite du 6 f\u00e9vrier au 6 mai 2019 au Centre Pompidou.<\/p>\n","protected":false},"author":3,"featured_media":1495,"comment_status":"open","ping_status":"open","sticky":false,"template":"","format":"standard","meta":{"_seopress_robots_primary_cat":"none","_seopress_titles_title":"Victor Vasarely au Centre Pompidou, hommage \u00e0 l&#039;Op Art - Hotel Daunou Op\u00e9ra","_seopress_titles_desc":"Victor Vasarely revient aujourd&#039;hui sur le devant de la sc\u00e8ne avec une r\u00e9trospective in\u00e9dite du 6 f\u00e9vrier au 6 mai 2019 au Centre Pompidou.","_seopress_robots_index":"","footnotes":""},"categories":[34],"tags":[],"class_list":["post-1699","post","type-post","status-publish","format-standard","has-post-thumbnail","hentry","category-expositions-musees"],"_links":{"self":[{"href":"https:\/\/daunou-opera.com\/fr\/wp-json\/wp\/v2\/posts\/1699","targetHints":{"allow":["GET"]}}],"collection":[{"href":"https:\/\/daunou-opera.com\/fr\/wp-json\/wp\/v2\/posts"}],"about":[{"href":"https:\/\/daunou-opera.com\/fr\/wp-json\/wp\/v2\/types\/post"}],"author":[{"embeddable":true,"href":"https:\/\/daunou-opera.com\/fr\/wp-json\/wp\/v2\/users\/3"}],"replies":[{"embeddable":true,"href":"https:\/\/daunou-opera.com\/fr\/wp-json\/wp\/v2\/comments?post=1699"}],"version-history":[{"count":3,"href":"https:\/\/daunou-opera.com\/fr\/wp-json\/wp\/v2\/posts\/1699\/revisions"}],"predecessor-version":[{"id":1702,"href":"https:\/\/daunou-opera.com\/fr\/wp-json\/wp\/v2\/posts\/1699\/revisions\/1702"}],"wp:featuredmedia":[{"embeddable":true,"href":"https:\/\/daunou-opera.com\/fr\/wp-json\/wp\/v2\/media\/1495"}],"wp:attachment":[{"href":"https:\/\/daunou-opera.com\/fr\/wp-json\/wp\/v2\/media?parent=1699"}],"wp:term":[{"taxonomy":"category","embeddable":true,"href":"https:\/\/daunou-opera.com\/fr\/wp-json\/wp\/v2\/categories?post=1699"},{"taxonomy":"post_tag","embeddable":true,"href":"https:\/\/daunou-opera.com\/fr\/wp-json\/wp\/v2\/tags?post=1699"}],"curies":[{"name":"wp","href":"https:\/\/api.w.org\/{rel}","templated":true}]}}