{"id":1718,"date":"2018-01-15T12:55:57","date_gmt":"2018-01-15T12:55:57","guid":{"rendered":"https:\/\/daunou-opera.com\/actualites\/le-musee-de-la-vie-romantique-un-espace-a-dimension-humaine\/"},"modified":"2024-02-01T11:26:35","modified_gmt":"2024-02-01T11:26:35","slug":"le-musee-de-la-vie-romantique-un-espace-a-dimension-humaine","status":"publish","type":"post","link":"https:\/\/daunou-opera.com\/fr\/news\/le-musee-de-la-vie-romantique-un-espace-a-dimension-humaine\/","title":{"rendered":"Le Mus\u00e9e de la vie romantique : un espace \u00e0 dimension humaine"},"content":{"rendered":"\n<p>Paris ce sont de grands mus\u00e9es, mais aussi des espaces plus r\u00e9duits o\u00f9 l\u2019excellence est de mise. Le&nbsp;<strong>Mus\u00e9e de la vie romantique<\/strong>&nbsp;est de ceux-l\u00e0 avec sa collection permanente retra\u00e7ant les ann\u00e9es du mouvement Romantique. En parall\u00e8le ce mus\u00e9e de la ville de&nbsp;<strong>Paris<\/strong>&nbsp;est r\u00e9put\u00e9 pour ses expositions temporaires aussi originales qu\u2019int\u00e9ressantes et son petit salon de th\u00e9.<\/p>\n\n\n\n<h2 class=\"wp-block-heading\">Red\u00e9couvrir une \u00e9poque<\/h2>\n\n\n\n<p>Visite originale \u00e0 moins de 10 minutes de&nbsp;<a href=\"http:\/\/www.daunou-opera.com\/\">l\u2019h\u00f4tel Daunou Op\u00e9ra<\/a>, le&nbsp;<a href=\"http:\/\/museevieromantique.paris.fr\/fr\"><strong>Mus\u00e9e de la vie romantique<\/strong><\/a>&nbsp;ouvre ses portes \u00e0 des mouvements artistiques passant souvent au second plan \u00e0 Paris. En effet les grands mus\u00e9es parisiens font une large place aux mouvements modernes dit de rupture. Le&nbsp;<a href=\"http:\/\/museevieromantique.paris.fr\/fr\">Mus\u00e9e de la vie Romantique<\/a>&nbsp;vous permettra de red\u00e9couvrir la peinture fran\u00e7aise plus acad\u00e9mique des 17e, 18e et 19e si\u00e8cles.<\/p>\n\n\n\n<h2 class=\"wp-block-heading\">Un mus\u00e9e pluri-disciplinaire<\/h2>\n\n\n\n<p>Sis dans l\u2019ancienne r\u00e9sidence du peintre Ary Scheffer, le mus\u00e9e retrace la vie du peintre, de Georges Sand et d\u2019Ernest Renan, tous droits \u00e9troitement li\u00e9s au lieu. Cet hommage est aussi une possibilit\u00e9 unique de s\u2019int\u00e9resser \u00e0 la soci\u00e9t\u00e9 du 19e si\u00e8cle. Meubles, bijoux, objets d\u2019art et peintures sont ainsi visibles et \u00e9voquent ce que pouvait \u00eatre l\u2019atmosph\u00e8re dans cette maison, alors qu\u2019Ary Scheffer recevait le tout-Paris de la monarchie de Juillet. La visite du quartier de la Nouvelle-Ath\u00e8nes, o\u00f9 se trouve le mus\u00e9e, est aussi riche d\u2019enseignement. Dans ce petit ensemble urbain construit au d\u00e9but du 19e si\u00e8cle, bon nombre d\u2019artistes et de m\u00e9c\u00e8nes ont \u00e9lu domicile et construit leurs ateliers ou h\u00f4tels particuliers. Eug\u00e8ne Delacroix, Horace Vernet ou Th\u00e9odore G\u00e9ricault sont parmi les grands noms \u00e0 avoir fr\u00e9quent\u00e9 ce petit havre de paix.<\/p>\n\n\n\n<p><br><strong>Informations pratiques :<\/strong><br>Mus\u00e9e de la vie romantique \u2013 16 rue Chaptal, Paris 9<sup>e<\/sup><br>Ouvert du mardi au dimanche de 10h \u00e0 17h30<\/p>\n","protected":false},"excerpt":{"rendered":"<p>Paris ce sont de grands mus\u00e9es, mais aussi des espaces plus r\u00e9duits o\u00f9 l\u2019excellence est de mise. Le Mus\u00e9e de la vie romantique est de ceux-l\u00e0 avec sa collection permanente retra\u00e7ant les ann\u00e9es du mouvement Romantique. En parall\u00e8le ce mus\u00e9e de la ville de Paris est r\u00e9put\u00e9 pour ses expositions temporaires aussi originales qu\u2019int\u00e9ressantes et son petit salon de th\u00e9.<\/p>\n","protected":false},"author":3,"featured_media":1537,"comment_status":"open","ping_status":"open","sticky":false,"template":"","format":"standard","meta":{"_seopress_robots_primary_cat":"none","_seopress_titles_title":"H\u00f4tel Daunou Op\u00e9ra - Le Mus\u00e9e de la vie romantique : un espace \u00e0 dimension humaine","_seopress_titles_desc":"Le Mus\u00e9e de la vie romantique est de ceux-l\u00e0 avec sa collection permanente retra\u00e7ant les ann\u00e9es du mouvement Romantique.","_seopress_robots_index":"","footnotes":""},"categories":[34],"tags":[],"class_list":["post-1718","post","type-post","status-publish","format-standard","has-post-thumbnail","hentry","category-expositions-musees"],"_links":{"self":[{"href":"https:\/\/daunou-opera.com\/fr\/wp-json\/wp\/v2\/posts\/1718","targetHints":{"allow":["GET"]}}],"collection":[{"href":"https:\/\/daunou-opera.com\/fr\/wp-json\/wp\/v2\/posts"}],"about":[{"href":"https:\/\/daunou-opera.com\/fr\/wp-json\/wp\/v2\/types\/post"}],"author":[{"embeddable":true,"href":"https:\/\/daunou-opera.com\/fr\/wp-json\/wp\/v2\/users\/3"}],"replies":[{"embeddable":true,"href":"https:\/\/daunou-opera.com\/fr\/wp-json\/wp\/v2\/comments?post=1718"}],"version-history":[{"count":1,"href":"https:\/\/daunou-opera.com\/fr\/wp-json\/wp\/v2\/posts\/1718\/revisions"}],"predecessor-version":[{"id":1816,"href":"https:\/\/daunou-opera.com\/fr\/wp-json\/wp\/v2\/posts\/1718\/revisions\/1816"}],"wp:featuredmedia":[{"embeddable":true,"href":"https:\/\/daunou-opera.com\/fr\/wp-json\/wp\/v2\/media\/1537"}],"wp:attachment":[{"href":"https:\/\/daunou-opera.com\/fr\/wp-json\/wp\/v2\/media?parent=1718"}],"wp:term":[{"taxonomy":"category","embeddable":true,"href":"https:\/\/daunou-opera.com\/fr\/wp-json\/wp\/v2\/categories?post=1718"},{"taxonomy":"post_tag","embeddable":true,"href":"https:\/\/daunou-opera.com\/fr\/wp-json\/wp\/v2\/tags?post=1718"}],"curies":[{"name":"wp","href":"https:\/\/api.w.org\/{rel}","templated":true}]}}