{"id":1721,"date":"2017-12-09T13:50:05","date_gmt":"2017-12-09T13:50:05","guid":{"rendered":"https:\/\/daunou-opera.com\/actualites\/paris-est-en-fete-pour-noel\/"},"modified":"2024-02-01T12:03:06","modified_gmt":"2024-02-01T12:03:06","slug":"paris-est-en-fete-pour-noel","status":"publish","type":"post","link":"https:\/\/daunou-opera.com\/fr\/news\/paris-est-en-fete-pour-noel\/","title":{"rendered":"Paris est en f\u00eate pour Noel"},"content":{"rendered":"\n<p>La f\u00eate de No\u00ebl n\u2019est plus qu\u2019\u00e0 quelques jours. Pour cet \u00e9v\u00e9nement unique, Paris s\u2019illumine aux mille couleurs. Les vitrines sont remplies de personnage f\u00e9erique et de peluches qui sautillent. Certains d\u2019entre eux ont d\u00e9j\u00e0 \u00e9t\u00e9 mis en place. Pour cette ann\u00e9e, de nombreuses vitrines ne sont pas \u00e0 manquer. M\u00eame si vous n\u2019\u00eates que de passage \u00e0 paris, il faudrait que vous assistiez au moins \u00e0 un seul de ces \u00e9v\u00e8nements marquants. Suivez le guide de&nbsp;<a href=\"http:\/\/www.daunou-opera.com\/\">l&rsquo;h\u00f4tel Daunou Op\u00e9ra.<\/a><\/p>\n\n\n\n<h2 class=\"wp-block-heading\">Les Galeries Lafayette<\/h2>\n\n\n\n<p>Les vitrines des Galeries Lafayette sont nomm\u00e9es comme les plus visit\u00e9s \u00e0 la capitale. En effet, elles plaisent aux nombreux touristes qui vont sur Paris ainsi qu\u2019aux Parisiens. Gr\u00e2ce \u00e0 leurs originalit\u00e9s et leur richesse spectaculaires, elles enchantent petits et grand. Pour 2016, ces vitrines raconteront l\u2019histoire d\u2019une famille d\u2019Ours qui quitte le p\u00f4le Nord pour rejoindre&nbsp;<strong>les Galeries Fayette<\/strong>. Pour la premi\u00e8re fois dans l\u2019histoire, les Galeries Lafayette vont d\u00e9voiler un sapin de No\u00ebl habill\u00e9 de papier accompagn\u00e9 d\u2019un show de musique et de lumi\u00e8re. Ces&nbsp;<strong>vitrines<\/strong>&nbsp;commenceront \u00e0 d\u00e9j\u00e0 commencer depuis le 8 novembre 2016.<\/p>\n\n\n\n<h2 class=\"wp-block-heading\">Le Bon March\u00e9<\/h2>\n\n\n\n<p>Comme tous les ans, les vitrines du&nbsp;<strong>Bon March\u00e9&nbsp;<\/strong>vont se distinguer des autres vitrines gr\u00e2ce \u00e0 l\u2019aspect design qu\u2019il apporte \u00e0 leur d\u00e9coration. Ces d\u00e9corations sont particuli\u00e8rement connues comme les plus modernes, et ce durant toutes les f\u00eates. Pour cette ann\u00e9e, elles vont jouer de la vid\u00e9o et ajouter des jeux de lumi\u00e8re. Ces derniers seront aux mille couleurs et ils vont repr\u00e9senter des personnages connus par tout le monde. Pour les fins gourmets, un programme sp\u00e9cial leur sera destin\u00e9 afin qu\u2019ils puissent en profiter au maximum. Que ce soit pour les hommes, les femmes ou bien pour les enfants, l\u2019enchantement sera au rendez-vous pendant ces vitrines. Ces \u00e9v\u00e8nements sp\u00e9ciaux se d\u00e9rouleront exactement le 3, 4, 10, 11, 17, 18 ainsi que le 24 d\u00e9cembre.&nbsp;<\/p>\n\n\n\n<h2 class=\"wp-block-heading\">Les Champs-\u00c9lys\u00e9es<\/h2>\n\n\n\n<p>Chaque ann\u00e9e, cette grande avenue est l\u2019un des lieux les plus illumin\u00e9s dans toute la France. C\u2019est d\u2019ailleurs un des endroits le plus pris pour r\u00e9aliser une promenade en plein No\u00ebl. Cette ann\u00e9e, il y aura de l\u2019innovation et de l\u2019\u00e9volution que les ann\u00e9es pr\u00e9c\u00e9dentes. En effet, pour 2016,&nbsp;<strong>les illuminations<\/strong>&nbsp;seront orient\u00e9es sur la technologie afin de prot\u00e9ger l\u2019\u00e9cologie. Ces illuminations ont \u00e9t\u00e9 inaugur\u00e9es le 21 novembre et elles resteront visibles jusqu\u2019au 8 janvier 2017. Chaque personne peut profiter d\u2019une bonne balade aux mille feux.<\/p>\n\n\n\n<h2 class=\"wp-block-heading\">Le Jardin d\u2019acclimatation<\/h2>\n\n\n\n<p>Pour 2016, de nombreux spectacles sp\u00e9ciaux vont se d\u00e9rouler dans ces vitrines. Vous pouvez assister \u00e0 des spectacles comme \u00ab la For\u00eat du p\u00e8re No\u00ebl \u00bb au th\u00e9\u00e2tre des Guignols. Ce spectacle commence le 19 d\u00e9cembre et passera chaque jour jusqu\u2019au 27 d\u00e9cembre. Il y aura aussi \u00ab la Galette du Roi \u00bb, un spectacle qui se d\u00e9roule le 28, 29 ainsi que le 30 d\u00e9cembre prochain. Chacun de ces spectacles repr\u00e9sente enti\u00e8rement&nbsp;<strong>la magie de No\u00ebl<\/strong>, un prestige qu\u2019on peut pr\u00e9server.<\/p>\n\n\n\n<p>~oOo~<\/p>\n\n\n\n<hr class=\"wp-block-separator has-alpha-channel-opacity\"\/>\n\n\n\n<p><a href=\"http:\/\/www.daunou-opera.com\/\" target=\"_blank\" rel=\"noreferrer noopener\">H\u00f4tel Daunou Op\u00e9ra<\/a>, un \u00e9l\u00e9gant h\u00f4tel 3 \u00e9toiles \u00e0 Paris, quartier de l&rsquo;op\u00e9ra<\/p>\n","protected":false},"excerpt":{"rendered":"<p>La f\u00eate de No\u00ebl n\u2019est plus qu\u2019\u00e0 quelques jours. Pour cet \u00e9v\u00e9nement unique, Paris s\u2019illumine aux mille couleurs. Les vitrines sont remplies de personnage f\u00e9erique et de peluches qui sautillent. Certains d\u2019entre eux ont d\u00e9j\u00e0 \u00e9t\u00e9 mis en place. Pour cette ann\u00e9e, de nombreuses vitrines ne sont pas \u00e0 manquer. M\u00eame si vous n\u2019\u00eates que de passage \u00e0 paris, il faudrait que vous assistiez au moins \u00e0 un seul de ces \u00e9v\u00e8nements marquants.<\/p>\n","protected":false},"author":3,"featured_media":1591,"comment_status":"open","ping_status":"open","sticky":false,"template":"","format":"standard","meta":{"_seopress_robots_primary_cat":"none","_seopress_titles_title":"Hotel Daunou Opera : Paris est en f\u00eate pour Noel","_seopress_titles_desc":"Pour cet \u00e9v\u00e9nement unique, l&#039;h\u00f4tel Daunou Op\u00e9ra vous invite \u00e0 d\u00e9couvrir Paris qui s\u2019illumine aux mille couleurs.","_seopress_robots_index":"","footnotes":""},"categories":[35],"tags":[],"class_list":["post-1721","post","type-post","status-publish","format-standard","has-post-thumbnail","hentry","category-visiter-paris-fr"],"_links":{"self":[{"href":"https:\/\/daunou-opera.com\/fr\/wp-json\/wp\/v2\/posts\/1721","targetHints":{"allow":["GET"]}}],"collection":[{"href":"https:\/\/daunou-opera.com\/fr\/wp-json\/wp\/v2\/posts"}],"about":[{"href":"https:\/\/daunou-opera.com\/fr\/wp-json\/wp\/v2\/types\/post"}],"author":[{"embeddable":true,"href":"https:\/\/daunou-opera.com\/fr\/wp-json\/wp\/v2\/users\/3"}],"replies":[{"embeddable":true,"href":"https:\/\/daunou-opera.com\/fr\/wp-json\/wp\/v2\/comments?post=1721"}],"version-history":[{"count":1,"href":"https:\/\/daunou-opera.com\/fr\/wp-json\/wp\/v2\/posts\/1721\/revisions"}],"predecessor-version":[{"id":1846,"href":"https:\/\/daunou-opera.com\/fr\/wp-json\/wp\/v2\/posts\/1721\/revisions\/1846"}],"wp:featuredmedia":[{"embeddable":true,"href":"https:\/\/daunou-opera.com\/fr\/wp-json\/wp\/v2\/media\/1591"}],"wp:attachment":[{"href":"https:\/\/daunou-opera.com\/fr\/wp-json\/wp\/v2\/media?parent=1721"}],"wp:term":[{"taxonomy":"category","embeddable":true,"href":"https:\/\/daunou-opera.com\/fr\/wp-json\/wp\/v2\/categories?post=1721"},{"taxonomy":"post_tag","embeddable":true,"href":"https:\/\/daunou-opera.com\/fr\/wp-json\/wp\/v2\/tags?post=1721"}],"curies":[{"name":"wp","href":"https:\/\/api.w.org\/{rel}","templated":true}]}}