{"id":1722,"date":"2017-11-10T13:00:29","date_gmt":"2017-11-10T13:00:29","guid":{"rendered":"https:\/\/daunou-opera.com\/actualites\/pour-les-fetes-de-fin-dannee-emerveillez-vous-de-la-magie-des-marches-de-noel-parisiens\/"},"modified":"2024-02-01T11:32:59","modified_gmt":"2024-02-01T11:32:59","slug":"pour-les-fetes-de-fin-dannee-emerveillez-vous-de-la-magie-des-marches-de-noel-parisiens","status":"publish","type":"post","link":"https:\/\/daunou-opera.com\/fr\/news\/pour-les-fetes-de-fin-dannee-emerveillez-vous-de-la-magie-des-marches-de-noel-parisiens\/","title":{"rendered":"Pour les f\u00eates de fin d&rsquo;ann\u00e9e, \u00e9merveillez-vous de la magie des march\u00e9s de No\u00ebl parisiens."},"content":{"rendered":"\n<p>Tout le mois de&nbsp;<strong>d\u00e9cembre<\/strong>, depuis&nbsp;<strong>l&rsquo;h\u00f4tel<\/strong>&nbsp;<strong>Daunou<\/strong>&nbsp;<strong>Op\u00e9ra<\/strong>, profitez d&rsquo;une situation privil\u00e9gi\u00e9e pour arpenter les&nbsp;<strong>march\u00e9s<\/strong>de&nbsp;<strong>No\u00ebl<\/strong>&nbsp;et baigner dans la f\u00e9\u00e9rie de No\u00ebl \u00e0 Paris !<\/p>\n\n\n\n<h2 class=\"wp-block-heading\"><strong>Une invitation au d\u00e9part au March\u00e9 de No\u00ebl de la gare Saint Lazare.<\/strong><\/h2>\n\n\n\n<p>Sur l&rsquo;un des plus grands parvis de Paris, se dresse en d\u00e9cembre le march\u00e9 de No\u00ebl de la gare Saint Lazare. Vous y serez accueillis avec chaleur et l&rsquo;ambiance feutr\u00e9e rompt avec l&rsquo;agitation qui entoure la gare. Evasion garantie accompagn\u00e9s d&rsquo;un verre de vin chaud artisanal et de sucreries d&rsquo;hiver que les lutins du P\u00e8re No\u00ebl ne d\u00e9daigneraient pas !<\/p>\n\n\n\n<h2 class=\"wp-block-heading\"><strong>Magie du March\u00e9 de No\u00ebl de Montmartre.&nbsp;<\/strong><\/h2>\n\n\n\n<p>Domin\u00e9e par le Sacr\u00e9 C\u0153ur, la butte Montmartre est un lieu typique de la vie parisienne. Le quartier des Abbesses y accueille un march\u00e9 de No\u00ebl envoutant, dont le charme refl\u00e8te celui des rues adjacentes. Les vitrines des magasins de cr\u00e9ateurs et des \u00e9choppes sont \u00e0 l&rsquo;unisson de ce march\u00e9 de No\u00ebl pour faire r\u00eaver le promeneur. Une pure merveille !<\/p>\n\n\n\n<h2 class=\"wp-block-heading\"><strong>Majest\u00e9 de No\u00ebl autour Notre-Dame et de la rive gauche<\/strong><\/h2>\n\n\n\n<p>Le march\u00e9 de No\u00ebl le plus majestueux est sans aucun doute celui qui prend place sur le parvis de la Cath\u00e9drale Notre-Dame de Paris. Sur l&rsquo;\u00eele de la Cit\u00e9, au c\u0153ur du Paris M\u00e9di\u00e9val, flotte dans l&rsquo;air un parfum d&rsquo;authenticit\u00e9 que seule Paris v\u00e9hicule. Les 40 artisans qui composent ce march\u00e9 pr\u00e9sentent des productions de qualit\u00e9 qui magnifient l&rsquo;esprit de No\u00ebl. En traversant la Seine, profitez de la pr\u00e9sence sur les quais des bouquinistes pour d\u00e9nicher un livre de contes de No\u00ebl et poussez jusqu&rsquo;au March\u00e9 de No\u00ebl de Saint-Germain-des-Pr\u00e9s o\u00f9 l&rsquo;\u00e9l\u00e9gance et le raffinement l\u00e9gendaires de ce quartier litt\u00e9raire se retrouvent dans chacun des cabanons d&rsquo;hiver qui composent ce march\u00e9 r\u00e9jouissant.<\/p>\n","protected":false},"excerpt":{"rendered":"<p>Tout le mois de d\u00e9cembre, depuis l&rsquo;h\u00f4tel Daunou Op\u00e9ra, profitez d&rsquo;une situation privil\u00e9gi\u00e9e pour arpenter les march\u00e9s de No\u00ebl et baigner dans la f\u00e9\u00e9rie de No\u00ebl \u00e0 Paris !<\/p>\n","protected":false},"author":3,"featured_media":1591,"comment_status":"open","ping_status":"open","sticky":false,"template":"","format":"standard","meta":{"_seopress_robots_primary_cat":"none","_seopress_titles_title":"Hotel Daunou Op\u00e9ra - Pour les f\u00eates de fin d&#039;ann\u00e9e, \u00e9merveillez-vous de la magie des march\u00e9s de No\u00ebl parisiens.","_seopress_titles_desc":"Tout le mois de d\u00e9cembre, depuis l&#039;h\u00f4tel Daunou Op\u00e9ra, profitez d&#039;une situation privil\u00e9gi\u00e9e pour arpenter les march\u00e9s de No\u00ebl et baigner dans la f\u00e9\u00e9rie de No\u00ebl \u00e0 Paris !","_seopress_robots_index":"","footnotes":""},"categories":[17],"tags":[],"class_list":["post-1722","post","type-post","status-publish","format-standard","has-post-thumbnail","hentry","category-non-classifiee"],"_links":{"self":[{"href":"https:\/\/daunou-opera.com\/fr\/wp-json\/wp\/v2\/posts\/1722","targetHints":{"allow":["GET"]}}],"collection":[{"href":"https:\/\/daunou-opera.com\/fr\/wp-json\/wp\/v2\/posts"}],"about":[{"href":"https:\/\/daunou-opera.com\/fr\/wp-json\/wp\/v2\/types\/post"}],"author":[{"embeddable":true,"href":"https:\/\/daunou-opera.com\/fr\/wp-json\/wp\/v2\/users\/3"}],"replies":[{"embeddable":true,"href":"https:\/\/daunou-opera.com\/fr\/wp-json\/wp\/v2\/comments?post=1722"}],"version-history":[{"count":1,"href":"https:\/\/daunou-opera.com\/fr\/wp-json\/wp\/v2\/posts\/1722\/revisions"}],"predecessor-version":[{"id":1820,"href":"https:\/\/daunou-opera.com\/fr\/wp-json\/wp\/v2\/posts\/1722\/revisions\/1820"}],"wp:featuredmedia":[{"embeddable":true,"href":"https:\/\/daunou-opera.com\/fr\/wp-json\/wp\/v2\/media\/1591"}],"wp:attachment":[{"href":"https:\/\/daunou-opera.com\/fr\/wp-json\/wp\/v2\/media?parent=1722"}],"wp:term":[{"taxonomy":"category","embeddable":true,"href":"https:\/\/daunou-opera.com\/fr\/wp-json\/wp\/v2\/categories?post=1722"},{"taxonomy":"post_tag","embeddable":true,"href":"https:\/\/daunou-opera.com\/fr\/wp-json\/wp\/v2\/tags?post=1722"}],"curies":[{"name":"wp","href":"https:\/\/api.w.org\/{rel}","templated":true}]}}