{"id":1724,"date":"2018-02-05T12:06:59","date_gmt":"2018-02-05T12:06:59","guid":{"rendered":"https:\/\/daunou-opera.com\/actualites\/la-paris-fashion-week-le-rendez-vous-mode-du-debut-dannee\/"},"modified":"2024-02-01T11:24:46","modified_gmt":"2024-02-01T11:24:46","slug":"la-paris-fashion-week-le-rendez-vous-mode-du-debut-dannee","status":"publish","type":"post","link":"https:\/\/daunou-opera.com\/fr\/news\/la-paris-fashion-week-le-rendez-vous-mode-du-debut-dannee\/","title":{"rendered":"La Paris Fashion week : le rendez-vous mode du d\u00e9but d\u2019ann\u00e9e"},"content":{"rendered":"\n<p>Comme tous les ans, la&nbsp;<strong>Paris Fashion Week<\/strong>&nbsp;se d\u00e9roulera dans le cadre prestigieux du&nbsp;<strong>Grand Palais<\/strong>. Du 27 f\u00e9vrier au 6 mars, les plus grands cr\u00e9ateurs encha\u00eeneront les d\u00e9fil\u00e9s dans une atmosph\u00e8re toujours particuli\u00e8re. Une exp\u00e9rience unique pour le visiteur !<\/p>\n\n\n\n<h2 class=\"wp-block-heading\">La grand-messe de la mode<\/h2>\n\n\n\n<p>Si New York a fait de l\u2019ombre \u00e0 Paris quelques temps, la ville lumi\u00e8re a repris l\u2019ascendant depuis. Durant les 10 jours de la&nbsp;<strong>Fashion Week 2018<\/strong>, toutes les tendances \u00e0 venir seront scrut\u00e9es et d\u00e9cortiqu\u00e9e par des journalistes venus du monde entier. Les grandes maisons ne peuvent se permettre d\u2019\u00eatre absentes et les all\u00e9es du Grand Palais sont une f\u00eate permanente o\u00f9 chaque cr\u00e9ateur rivalise d\u2019imagination pour imposer ses choix.<\/p>\n\n\n\n<h2 class=\"wp-block-heading\">Un \u00e9v\u00e9nement glamour<\/h2>\n\n\n\n<p>Paris rime avec mode et luxe, mais aussi avec glamour. Le c\u00f4t\u00e9 exceptionnel de la&nbsp;<strong>Paris Fashion Week<\/strong>&nbsp;est de r\u00e9ussir \u00e0 faire venir ce que la plan\u00e8te fait de mieux en termes de stars. Annonc\u00e9es \u00e0 grands renforts de communiqu\u00e9s de presse ou incognito, actrices, top-mod\u00e8les et chanteuses trouvent le temps de se r\u00e9unir dans un seul lieu lors de cet \u00e9v\u00e9nement.<\/p>\n\n\n\n<p>N\u2019oubliez pas de r\u00e9server vos tickets d\u00e8s maintenant. Les places s\u2019arrachent rapidement et certains cochent l\u2019\u00e9v\u00e9nement sur leur agenda d\u00e8s son annonce, pr\u00e8s de deux ans avant sa tenue. Parmi les stars de la haute couture attendues, on scrutera les tendances des cr\u00e9ateurs locaux. Yves Saint Laurent, Givenchy ou Dior devraient \u00eatre parmi les d\u00e9fil\u00e9s les plus courus, alors que les Maisons \u00e9trang\u00e8res tenteront de marquer les esprits. Avant le 27 f\u00e9vrier, d\u2019autres d\u00e9fil\u00e9s sont programm\u00e9s, au cours desquels des futurs grands noms \u00e9mergeront. A Paris, la f\u00eate de la mode dure toute l&rsquo;ann\u00e9e, puisque la deuxi\u00e8me Fashion week prend ensuite le relai.<\/p>\n","protected":false},"excerpt":{"rendered":"<p>Comme tous les ans, la Paris Fashion Week se d\u00e9roulera dans le cadre prestigieux du Grand Palais. Du 27 f\u00e9vrier au 6 mars, les plus grands cr\u00e9ateurs encha\u00eeneront les d\u00e9fil\u00e9s dans une atmosph\u00e8re toujours particuli\u00e8re. Une exp\u00e9rience unique pour le visiteur !<\/p>\n","protected":false},"author":3,"featured_media":1534,"comment_status":"open","ping_status":"open","sticky":false,"template":"","format":"standard","meta":{"_seopress_robots_primary_cat":"none","_seopress_titles_title":"Daunou Op\u00e9ra - La Paris Fashion week : le rendez-vous mode du d\u00e9but d\u2019ann\u00e9e","_seopress_titles_desc":"Comme tous les ans, la Paris Fashion week se d\u00e9roulera dans le cadre prestigieux du Grand Palais du 27 f\u00e9vrier au 6 mars.","_seopress_robots_index":"","footnotes":""},"categories":[42,38],"tags":[],"class_list":["post-1724","post","type-post","status-publish","format-standard","has-post-thumbnail","hentry","category-fashion-shopping","category-fashion-shopping-fr"],"_links":{"self":[{"href":"https:\/\/daunou-opera.com\/fr\/wp-json\/wp\/v2\/posts\/1724","targetHints":{"allow":["GET"]}}],"collection":[{"href":"https:\/\/daunou-opera.com\/fr\/wp-json\/wp\/v2\/posts"}],"about":[{"href":"https:\/\/daunou-opera.com\/fr\/wp-json\/wp\/v2\/types\/post"}],"author":[{"embeddable":true,"href":"https:\/\/daunou-opera.com\/fr\/wp-json\/wp\/v2\/users\/3"}],"replies":[{"embeddable":true,"href":"https:\/\/daunou-opera.com\/fr\/wp-json\/wp\/v2\/comments?post=1724"}],"version-history":[{"count":1,"href":"https:\/\/daunou-opera.com\/fr\/wp-json\/wp\/v2\/posts\/1724\/revisions"}],"predecessor-version":[{"id":1814,"href":"https:\/\/daunou-opera.com\/fr\/wp-json\/wp\/v2\/posts\/1724\/revisions\/1814"}],"wp:featuredmedia":[{"embeddable":true,"href":"https:\/\/daunou-opera.com\/fr\/wp-json\/wp\/v2\/media\/1534"}],"wp:attachment":[{"href":"https:\/\/daunou-opera.com\/fr\/wp-json\/wp\/v2\/media?parent=1724"}],"wp:term":[{"taxonomy":"category","embeddable":true,"href":"https:\/\/daunou-opera.com\/fr\/wp-json\/wp\/v2\/categories?post=1724"},{"taxonomy":"post_tag","embeddable":true,"href":"https:\/\/daunou-opera.com\/fr\/wp-json\/wp\/v2\/tags?post=1724"}],"curies":[{"name":"wp","href":"https:\/\/api.w.org\/{rel}","templated":true}]}}