{"id":1728,"date":"2017-09-30T14:04:44","date_gmt":"2017-09-30T14:04:44","guid":{"rendered":"https:\/\/daunou-opera.com\/actualites\/mondial-de-lauto-salon-zen-et-picasso-des-sorties-pour-tous\/"},"modified":"2024-02-01T13:35:10","modified_gmt":"2024-02-01T13:35:10","slug":"mondial-de-lauto-salon-zen-et-picasso-des-sorties-pour-tous","status":"publish","type":"post","link":"https:\/\/daunou-opera.com\/fr\/news\/mondial-de-lauto-salon-zen-et-picasso-des-sorties-pour-tous\/","title":{"rendered":"Mondial de l&rsquo;auto, Salon Zen et Picasso : des sorties pour tous"},"content":{"rendered":"\n<p>En r\u00e9gion parisienne, les id\u00e9es de sortie ne manquent pas, et il y en a pour tous les go\u00fbts ! Les mordus d&rsquo;automobile auront ainsi l&rsquo;occasion de parcourir le&nbsp;<strong>mondial de l&rsquo;auto<\/strong>&nbsp;\u00e0 la recherche du mod\u00e8le le plus r\u00e9volutionnaire. Dans une ambiance plus calme, vous pourrez d\u00e9couvrir les diff\u00e9rents courants et techniques Zen \u00e0 l&rsquo;\u00e9v\u00e8nement qui se d\u00e9roulera \u00e0 l&rsquo;Espace Champerret, ou admirer les \u0153uvres de deux artistes incroyables au Mus\u00e9e Picasso.<\/p>\n\n\n\n<h2 class=\"wp-block-heading\">L&rsquo;automobile fait son cin\u00e9ma<\/h2>\n\n\n\n<p>La premi\u00e8re quinzaine d&rsquo;octobre est l&rsquo;occasion pour les amateurs d&rsquo;automobiles de&nbsp;<a href=\"https:\/\/www.instagram.com\/mondialauto\/\" rel=\"noreferrer noopener\" target=\"_blank\">d\u00e9couvrir les voitures<\/a>&nbsp;incontournables d&rsquo;hier, les nouvelles tendances du moment, ainsi que les mod\u00e8les de demain. Concept-cars et technologies r\u00e9volutionnaires, formes \u00e9pur\u00e9es ou percutantes, les v\u00e9hicules du futur feront leur show au&nbsp;<a href=\"http:\/\/www.mondial-automobile.com\/visiteurs\/\" rel=\"noreferrer noopener\" target=\"_blank\">Mondial de l&rsquo;Auto<\/a>, du 1er au 16 octobre 2016 au Parc des Expos, 120 ans apr\u00e8s la premi\u00e8re \u00e9dition de 1898 ! A leur c\u00f4t\u00e9, des voitures mythiques du grand-\u00e9cran : dans un hall d\u00e9cor\u00e9 \u00e0 la fa\u00e7on d&rsquo;un plateau de tournage, l&rsquo;exposition \u00ab L&rsquo;automobile fait son cin\u00e9ma \u00bb vous montre l&rsquo;envers du d\u00e9cor et expose les mod\u00e8les les plus embl\u00e9matiques du septi\u00e8me art. Un rendez-vous incontournable lors de votre s\u00e9jour \u00e0 l\u2019<strong>h\u00f4tel Daunou Op\u00e9ra<\/strong>, pour les passionn\u00e9s comme pour les curieux<\/p>\n\n\n\n<h2 class=\"wp-block-heading\">Zen, soyons Zen&nbsp;<\/h2>\n\n\n\n<p>Au rythme des conf\u00e9rences, des ateliers pratiques et des animations, le&nbsp;<a href=\"http:\/\/www.salon-zen.fr\/\" rel=\"noreferrer noopener\" target=\"_blank\">salon Zen<\/a>&nbsp;vous invite \u00e0 vous relaxer et \u00e0 prendre soin de votre bien-\u00eatre physique et psychique. Profitez de votre s\u00e9jour \u00e0 Paris pour vous faire du bien : le salon est l&rsquo;occasion d&rsquo;apprendre des techniques de relaxation ou de motivation, de faire le plein de recettes et de produits bios pour soigner sant\u00e9 et moral, et de demander conseil aux professionnels du bien-\u00eatre. Les th\u00e9matiques pr\u00e9sentes au saloon r\u00e9pondent \u00e0 des int\u00e9r\u00eats divers et vont de la m\u00e9ditation \u00e0 la m\u00e9decine douce, en passant par l&rsquo;hypnose et l&rsquo;art de vivre au quotidien. Le saloon est d&rsquo;ailleurs organis\u00e9 en plusieurs secteurs, qui regroupent les ateliers et professionnels par th\u00e8mes : \u00ab D\u00e9velopper sa cr\u00e9ativit\u00e9 \u00bb, \u00ab trouver une formation professionnelle \u00bb ou encore \u00ab harmoniser son habitat \u00bb. Autant de fa\u00e7ons d&rsquo;am\u00e9liorer son quotidien !<\/p>\n\n\n\n<h2 class=\"wp-block-heading\">Le duo des ma\u00eetres<\/h2>\n\n\n\n<p>Du 4 octobre 2016 au 5 f\u00e9vrier 2017, le&nbsp;<a href=\"http:\/\/www.museepicassoparis.fr\/picasso-giacometti\/\" rel=\"noreferrer noopener\" target=\"_blank\">Mus\u00e9e Picasso<\/a>&nbsp;s&rsquo;associe \u00e0 la Fondation Giacometti pour \u00e9tudier les relations personnelles et professionnelles de ces deux artistes, figures majeures de l&rsquo;art du 20\u00e8me si\u00e8cle. La mise en r\u00e9sonnance des deux collections, qui comportent peintures, sculptures, et art graphique sous diverses formes, promet d&rsquo;\u00e9merveiller petits et grands. Plongez dans un univers artistique unique, tout en enrichissant vos connaissances sur deux artistes qui ont r\u00e9volutionn\u00e9 leur art.<\/p>\n\n\n\n<p>******<\/p>\n\n\n\n<p>Plus d&rsquo;information :<br>\u2022&nbsp;<a href=\"https:\/\/www.facebook.com\/mondial.automobile\/\" rel=\"noreferrer noopener\" target=\"_blank\">Actualit\u00e9 du Mondial de l&rsquo;Automobile<\/a><br>\u2022&nbsp;<a href=\"http:\/\/www.viparis.com\/viparisFront\/do\/centre\/paris-expo-porte-de-versailles\/Accueil\" rel=\"noreferrer noopener\" target=\"_blank\">Parc des expositions de la Porte de Versailles<\/a><br>\u2022&nbsp;<a href=\"http:\/\/www.viparis.com\/viparisFront\/do\/centre\/espace-champerret\/Accueil\" rel=\"noreferrer noopener\" target=\"_blank\">Espace Champerret<\/a><\/p>\n\n\n\n<hr class=\"wp-block-separator has-alpha-channel-opacity\"\/>\n\n\n\n<p><a href=\"http:\/\/www.daunou-opera.com\/\" target=\"_blank\" rel=\"noreferrer noopener\">H\u00f4tel Daunou Op\u00e9ra<\/a>, un \u00e9l\u00e9gant h\u00f4tel 3 \u00e9toiles \u00e0 Paris, quartier de l&rsquo;op\u00e9ra<\/p>\n","protected":false},"excerpt":{"rendered":"<p>Ce d\u00e9but d&rsquo;octobre, les mordus d&rsquo;automobile auront ainsi l&rsquo;occasion de parcourir le mondial de l&rsquo;auto \u00e0 la recherche du mod\u00e8le le plus r\u00e9volutionnaire. Dans une ambiance plus calme, vous pourrez d\u00e9couvrir les diff\u00e9rents courants et techniques Zen \u00e0 l&rsquo;\u00e9v\u00e8nement qui se d\u00e9roulera \u00e0 l&rsquo;Espace Champerret, ou admirer les \u0153uvres de deux artistes incroyables au Mus\u00e9e Picasso.<\/p>\n","protected":false},"author":3,"featured_media":1549,"comment_status":"open","ping_status":"open","sticky":false,"template":"","format":"standard","meta":{"_seopress_robots_primary_cat":"none","_seopress_titles_title":"Salon Mondial Auto Paris - Hotel Daunou Opera","_seopress_titles_desc":"L&#039;h\u00f4tel Daunou vous propose un parcours riche au salon mondial de l&#039;auto ou plus Zen \u00e0 l&#039;espace Champerret ou encore culturel au Mus\u00e9e Picasso.","_seopress_robots_index":"","footnotes":""},"categories":[39],"tags":[],"class_list":["post-1728","post","type-post","status-publish","format-standard","has-post-thumbnail","hentry","category-foires-salons-fr"],"_links":{"self":[{"href":"https:\/\/daunou-opera.com\/fr\/wp-json\/wp\/v2\/posts\/1728","targetHints":{"allow":["GET"]}}],"collection":[{"href":"https:\/\/daunou-opera.com\/fr\/wp-json\/wp\/v2\/posts"}],"about":[{"href":"https:\/\/daunou-opera.com\/fr\/wp-json\/wp\/v2\/types\/post"}],"author":[{"embeddable":true,"href":"https:\/\/daunou-opera.com\/fr\/wp-json\/wp\/v2\/users\/3"}],"replies":[{"embeddable":true,"href":"https:\/\/daunou-opera.com\/fr\/wp-json\/wp\/v2\/comments?post=1728"}],"version-history":[{"count":1,"href":"https:\/\/daunou-opera.com\/fr\/wp-json\/wp\/v2\/posts\/1728\/revisions"}],"predecessor-version":[{"id":1850,"href":"https:\/\/daunou-opera.com\/fr\/wp-json\/wp\/v2\/posts\/1728\/revisions\/1850"}],"wp:featuredmedia":[{"embeddable":true,"href":"https:\/\/daunou-opera.com\/fr\/wp-json\/wp\/v2\/media\/1549"}],"wp:attachment":[{"href":"https:\/\/daunou-opera.com\/fr\/wp-json\/wp\/v2\/media?parent=1728"}],"wp:term":[{"taxonomy":"category","embeddable":true,"href":"https:\/\/daunou-opera.com\/fr\/wp-json\/wp\/v2\/categories?post=1728"},{"taxonomy":"post_tag","embeddable":true,"href":"https:\/\/daunou-opera.com\/fr\/wp-json\/wp\/v2\/tags?post=1728"}],"curies":[{"name":"wp","href":"https:\/\/api.w.org\/{rel}","templated":true}]}}