{"id":1736,"date":"2017-07-09T13:31:25","date_gmt":"2017-07-09T13:31:25","guid":{"rendered":"https:\/\/daunou-opera.com\/actualites\/un-ete-a-paris-cinema-en-plein-air-et-salon-maison-et-objet\/"},"modified":"2024-02-01T11:43:53","modified_gmt":"2024-02-01T11:43:53","slug":"un-ete-a-paris-cinema-en-plein-air-et-salon-maison-et-objet","status":"publish","type":"post","link":"https:\/\/daunou-opera.com\/fr\/news\/un-ete-a-paris-cinema-en-plein-air-et-salon-maison-et-objet\/","title":{"rendered":"Un \u00e9t\u00e9 \u00e0 Paris\u00a0: cin\u00e9ma en plein air et Salon Maison et Objet"},"content":{"rendered":"\n<p>Lorsque l&rsquo;\u00e9t\u00e9 arrive, savourer une projection cin\u00e9matographique en plein air constitue une activit\u00e9 de choix. A Paris, plusieurs festivals sont consacr\u00e9s au 7e art. Un peu plus tard dans la saison, les professionnels du design d&rsquo;int\u00e9rieur se retrouvent au&nbsp;<strong>salon Maison et Objet<\/strong>, au Parc des Expositions Paris Nord Villepinte. Pour profiter pleinement de ces \u00e9v\u00e9nements, optez pour une chambre \u00e0 l<a href=\"http:\/\/www.daunou-opera.com\/\">&lsquo;H\u00f4tel Daunou Op\u00e9ra<\/a>&nbsp;avec son cadre luxueux, \u00e0 proximit\u00e9 de l&rsquo;Op\u00e9ra Garnier, du Mus\u00e9e du Louvre et de la Place Vend\u00f4me.<\/p>\n\n\n\n<h2 class=\"wp-block-heading\"><strong>Offrez-vous une toile en plein air au c\u0153ur de Paris<\/strong><\/h2>\n\n\n\n<p>Lorsque l&rsquo;\u00e9t\u00e9 affiche ses temp\u00e9ratures nocturnes cl\u00e9mentes, les&nbsp;<strong>festivals de cin\u00e9ma en ext\u00e9rieur&nbsp;<\/strong>vous proposent des projections gratuites \u00e0 la nuit tomb\u00e9e. On peut citer&nbsp;<a href=\"http:\/\/www.domaine-saint-cloud.fr\/Actualites\/Films-sous-les-etoiles5\">Films sous les Etoiles<\/a>&nbsp;au Domaine national de Saint-Cloud en juin. Le Festival Toile sous les Etoiles d\u00e9but juillet au Ch\u00e2teau de Vincennes. Ou encore Cin\u00e9ma en plein air \u00e0 la Villette, dont les films abordent chaque ann\u00e9e un th\u00e8me diff\u00e9rent. Un \u00e9v\u00e9nement qui dure tout l&rsquo;\u00e9t\u00e9 \u00e0 d\u00e9couvrir entre amis, en famille ou m\u00eame en solo pour tous les amateurs du 7<sup>\u00e8me<\/sup>&nbsp;art.<\/p>\n\n\n\n<h2 class=\"wp-block-heading\"><strong>Inspirez votre pratique professionnelle \u00e0 la faveur du salon du design d&rsquo;int\u00e9rieur<\/strong><\/h2>\n\n\n\n<p>Ce salon, destin\u00e9 aux professionnels du design d&rsquo;int\u00e9rieur, se tient tous les ans en septembre et en janvier au Parc des Expositions Paris Nord Villepinte. De nombreux exposants vous y attendent dans des domaines aussi divers que les objets d\u00e9co, les accessoires de mode, les tapis ou les arts de la table. Vous pourrez aussi assister \u00e0 des conf\u00e9rences donn\u00e9es par les plus grands designers d&rsquo;int\u00e9rieur du moment et admirer des expositions originales autour de tendances novatrices. Enfin, rendez-vous \u00e0 l&rsquo;espace inspirations pour vous impr\u00e9gner d&rsquo;une atmosph\u00e8re propice \u00e0 la cr\u00e9ation.<\/p>\n","protected":false},"excerpt":{"rendered":"<p>Lorsque l&rsquo;\u00e9t\u00e9 arrive, savourer une projection cin\u00e9matographique en plein air constitue une activit\u00e9 de choix. A Paris, plusieurs festivals sont consacr\u00e9s au 7e art. Un peu plus tard dans la saison, les professionnels du design d&rsquo;int\u00e9rieur se retrouvent au salon Maison et Objet, au Parc des Expositions Paris Nord Villepinte. Pour profiter pleinement de ces \u00e9v\u00e9nements, optez pour une chambre \u00e0 l&rsquo;H\u00f4tel Daunou Op\u00e9ra avec son cadre luxueux, \u00e0 proximit\u00e9 de l&rsquo;Op\u00e9ra Garnier, du Mus\u00e9e du Louvre et de la Place Vend\u00f4me.<\/p>\n","protected":false},"author":3,"featured_media":1561,"comment_status":"open","ping_status":"open","sticky":false,"template":"","format":"standard","meta":{"_seopress_robots_primary_cat":"none","_seopress_titles_title":"Hotel Daunou Opera - Un \u00e9t\u00e9 \u00e0 Paris\u00a0: cin\u00e9ma en plein air et Salon Maison et Objet","_seopress_titles_desc":"Laissez vous tenter par le cin\u00e9ma en plein air, l&#039;id\u00e9al en cette saison estivale !","_seopress_robots_index":"","footnotes":""},"categories":[34],"tags":[],"class_list":["post-1736","post","type-post","status-publish","format-standard","has-post-thumbnail","hentry","category-expositions-musees"],"_links":{"self":[{"href":"https:\/\/daunou-opera.com\/fr\/wp-json\/wp\/v2\/posts\/1736","targetHints":{"allow":["GET"]}}],"collection":[{"href":"https:\/\/daunou-opera.com\/fr\/wp-json\/wp\/v2\/posts"}],"about":[{"href":"https:\/\/daunou-opera.com\/fr\/wp-json\/wp\/v2\/types\/post"}],"author":[{"embeddable":true,"href":"https:\/\/daunou-opera.com\/fr\/wp-json\/wp\/v2\/users\/3"}],"replies":[{"embeddable":true,"href":"https:\/\/daunou-opera.com\/fr\/wp-json\/wp\/v2\/comments?post=1736"}],"version-history":[{"count":1,"href":"https:\/\/daunou-opera.com\/fr\/wp-json\/wp\/v2\/posts\/1736\/revisions"}],"predecessor-version":[{"id":1831,"href":"https:\/\/daunou-opera.com\/fr\/wp-json\/wp\/v2\/posts\/1736\/revisions\/1831"}],"wp:featuredmedia":[{"embeddable":true,"href":"https:\/\/daunou-opera.com\/fr\/wp-json\/wp\/v2\/media\/1561"}],"wp:attachment":[{"href":"https:\/\/daunou-opera.com\/fr\/wp-json\/wp\/v2\/media?parent=1736"}],"wp:term":[{"taxonomy":"category","embeddable":true,"href":"https:\/\/daunou-opera.com\/fr\/wp-json\/wp\/v2\/categories?post=1736"},{"taxonomy":"post_tag","embeddable":true,"href":"https:\/\/daunou-opera.com\/fr\/wp-json\/wp\/v2\/tags?post=1736"}],"curies":[{"name":"wp","href":"https:\/\/api.w.org\/{rel}","templated":true}]}}